{"id":1448,"date":"2010-07-27T00:52:22","date_gmt":"2010-07-27T03:52:22","guid":{"rendered":"http:\/\/www.ligavpg.com\/?p=1448"},"modified":"2010-08-09T12:00:33","modified_gmt":"2010-08-09T15:00:33","slug":"gean-celso-vence-em-imola-e-segura-reacao-de-rudnick-na-vpg-challenge","status":"publish","type":"post","link":"https:\/\/www.ligavpg.com\/blog\/gean-celso-vence-em-imola-e-segura-reacao-de-rudnick-na-vpg-challenge\/","title":{"rendered":"Gean Celso vence em Imola e segura rea\u00e7\u00e3o de Rudnick na VPG Challenge"},"content":{"rendered":"<table style=\"height: 176px\" border=\"0\" width=\"605\">\n<tbody>\n<tr>\n<td>\n<p style=\"text-align: justify\"><img fetchpriority=\"high\" decoding=\"async\" class=\"alignnone size-full wp-image-1450\" src=\"http:\/\/www.ligavpg.com\/blog\/wp-content\/uploads\/T02_2010_5_etapa_CHALLENGE.jpg\" alt=\"\" width=\"600\" height=\"375\" srcset=\"https:\/\/www.ligavpg.com\/blog\/wp-content\/uploads\/T02_2010_5_etapa_CHALLENGE.jpg 600w, https:\/\/www.ligavpg.com\/blog\/wp-content\/uploads\/T02_2010_5_etapa_CHALLENGE-300x187.jpg 300w\" sizes=\"(max-width: 600px) 100vw, 600px\" \/>\u00a0<\/p>\n<p style=\"text-align: justify\"><span style=\"color: #000000\"><strong>Gean Celso d\u00e1 mais um importante passo na batalha pelo t\u00edtulo da VPG Challenge<\/strong><\/span>\u00a0<\/p>\n<p style=\"text-align: justify\"><span style=\"color: #000000\"><strong>\u00a0<\/strong><\/span>\u00a0<\/p>\n<p style=\"text-align: justify\"><span style=\"color: #000000\">Tdo caminhava pra uma corrida onde o favoritismo de Cristian Rudnick parecia inabal\u00e1vel. Embora com bons tempos, parecia imposs\u00edvel para Gean buscar seu advers\u00e1rio. Parecia, pois as coisas tomaram rumos inesperados j\u00e1 na tomada de tempos. Em duas voltas ruins, Rudnick largou apenas em 20\u00ba lugar, enquanto Gean cravou o segundo tempo,sendo superado apenas por F\u00e1bio Sakita. Incr\u00edvel. Em apenas uma sess\u00e3o, o favoritismo para a corrida mudava completamente de m\u00e3os.<\/span>\u00a0<\/p>\n<p style=\"text-align: justify\"><span style=\"color: #000000\"><strong>The stage is set\u00a0&#8216;n the green flag drop!<\/strong><\/span>\u00a0<\/p>\n<p style=\"text-align: justify\"><span style=\"color: #000000\">Na cautelosa largada tentando evitar toques e acidentes, Gean Celso conseguiu se manter atr\u00e1s de Sakita, que largou muito bem. em seguida, Jos\u00e9 Henrique Spont\u00e3o e S\u00e9rgio Refkalefsky eram seguidos de perto por Leonardo Sampaio. Cristian Rudnik, em uma excelente primeira volta, pulava 5 posi\u00e7\u00f5es e j\u00e1 pressionava Kau\u00ea Lessa pelo 13\u00b0 lugar. Outra boa briga neste in\u00edcio foi a de Marcelo Menescal e Jeferson Richart, al\u00e9m de F\u00e1bio Pra e Alan Akbar se matando pelo 17\u00b0 lugar. Com um \u00f3timo in\u00edcio de prova e vindo com um ritmo forte, Rudnick se aproveitava das brigas de Menescal e Richart para grudar e ultrapassar ambos.\u00a0Ele j\u00e1 era o\u00a09\u00b0.<\/span>\u00a0<\/p>\n<p><span style=\"color: #000000\"><\/p>\n<p style=\"text-align: justify\"><span style=\"color: #000000\"><strong>Uma atua\u00e7\u00e3o de gala, talvez tarde demais<\/strong><\/span>\u00a0<\/p>\n<p style=\"text-align: justify\"><span style=\"color: #000000\">A vit\u00f3ria de gean celso jogou um balde \u00e1gua fria na rea\u00e7\u00e3o de cristian Rudnick. Mesmo com uma corrida digna dos grandes, Rudnick chegou em 3\u00b0 e viu seu rival ficar a um passo do t\u00edtulo. na pr\u00f3xima etapa, em Mondello, Gean Celso assegura o caneco caso marque 6pts a mais que Rudnick, abrindo 31pts e assegurando o t\u00edtulo com uma rodada de antecipa\u00e7\u00e3o. Resta a Cristian Rudnick andar como nunca, e torcer para que Gean Celso amealhe poucos pontos. Mesmo n\u00e3o &#8220;matando&#8221; a disputa em Mondello, Gean tem uma excelente posi\u00e7\u00e3o ao poder levar a decis\u00e3o para Anderstop precisandode poucos pontos, independente de onde Rudnick chegar.<\/span>\u00a0<\/p>\n<p style=\"text-align: justify\"><span style=\"color: #000000\">Quem ser\u00e1 o grande campe\u00e3o da mais acirrada e cruenta categoria da Liga VPG? Gean Celso, ou Cristian Rudnick? A resposta voc\u00ea confere no circuito sueco de Anderstop, dia 05\/08 \u00e0s 21:30hs, com transmiss\u00e3o ao vivo pela Race Brasil.<\/span>\u00a0<\/p>\n<p style=\"text-align: justify\">\n<p style=\"text-align: justify\"><span style=\"color: #000000\"><br \/>\n<\/span>\u00a0<\/p>\n<p style=\"text-align: justify\"><span style=\"color: #000000\"><strong><strong>O VT da corrida pode ser assistido na integra <\/strong><\/strong><strong><strong><a title=\"SLS\" href=\"http:\/\/www.racebrasil.com.br\/player.php?id=499\" target=\"_blank\">clicando aqui.<\/a><\/strong><\/strong><br \/>\n<strong><strong>O resultado final da corrida pode ser conferido <a title=\"SLS\" href=\"http:\/\/www.ligavpg.com\/sls\/index.php?dataarray[dest]=resevent&amp;dataarray[IDseason]=25&amp;dataarray[IDrace]=116\" target=\"_blank\">clicando aqui.<\/a><br \/>\nA classifica\u00e7\u00e3o completa do campeonato pode ser conferida <a title=\"SLS\" href=\"http:\/\/www.ligavpg.com\/sls\/index.php?dataarray[dest]=standdrv&amp;dataarray[IDseason]=25\">clicando aqui.<\/a><\/strong><\/strong><\/span>\u00a0<\/p>\n<p style=\"text-align: justify\"><span style=\"color: #000000\"><strong><strong>\u00a0<\/strong><\/strong><\/span>\u00a0<\/p>\n<p style=\"text-align: justify\"><span style=\"color: #000000\"><strong>At\u00e9 Mondello na Irlanda, a VPG te espera l\u00e1!<\/strong><\/span>\u00a0<\/p>\n<p style=\"text-align: justify\"><strong><span style=\"color: #000000\"><br \/>\n<\/span><\/strong>\u00a0<\/p>\n<p><\/span><\/td>\n<\/tr>\n<\/tbody>\n<\/table>\n<div style=\"width: 1px;height: 1px;overflow: hidden\"><strong><strong><span style=\"color: #000000\">A classifica\u00e7\u00e3o completa do campeonato pode s<\/span><\/strong><\/strong><\/div>\n","protected":false},"excerpt":{"rendered":"<p>\u00a0 Gean Celso d\u00e1 mais um importante passo na batalha pelo t\u00edtulo da VPG Challenge\u00a0 \u00a0\u00a0 Tdo caminhava pra uma corrida onde o favoritismo de Cristian Rudnick parecia inabal\u00e1vel. Embora com bons tempos, parecia imposs\u00edvel para Gean buscar seu advers\u00e1rio. Parecia, pois as coisas tomaram rumos inesperados j\u00e1 na tomada de tempos. Em duas voltas [&hellip;]<\/p>\n","protected":false},"author":1,"featured_media":0,"comment_status":"open","ping_status":"open","sticky":false,"template":"","format":"standard","meta":{"_monsterinsights_skip_tracking":false,"_monsterinsights_sitenote_active":false,"_monsterinsights_sitenote_note":"","_monsterinsights_sitenote_category":0,"footnotes":""},"categories":[1],"tags":[],"class_list":["post-1448","post","type-post","status-publish","format-standard","hentry","category-sem-categoria"],"_links":{"self":[{"href":"https:\/\/www.ligavpg.com\/blog\/wp-json\/wp\/v2\/posts\/1448","targetHints":{"allow":["GET"]}}],"collection":[{"href":"https:\/\/www.ligavpg.com\/blog\/wp-json\/wp\/v2\/posts"}],"about":[{"href":"https:\/\/www.ligavpg.com\/blog\/wp-json\/wp\/v2\/types\/post"}],"author":[{"embeddable":true,"href":"https:\/\/www.ligavpg.com\/blog\/wp-json\/wp\/v2\/users\/1"}],"replies":[{"embeddable":true,"href":"https:\/\/www.ligavpg.com\/blog\/wp-json\/wp\/v2\/comments?post=1448"}],"version-history":[{"count":6,"href":"https:\/\/www.ligavpg.com\/blog\/wp-json\/wp\/v2\/posts\/1448\/revisions"}],"predecessor-version":[{"id":1526,"href":"https:\/\/www.ligavpg.com\/blog\/wp-json\/wp\/v2\/posts\/1448\/revisions\/1526"}],"wp:attachment":[{"href":"https:\/\/www.ligavpg.com\/blog\/wp-json\/wp\/v2\/media?parent=1448"}],"wp:term":[{"taxonomy":"category","embeddable":true,"href":"https:\/\/www.ligavpg.com\/blog\/wp-json\/wp\/v2\/categories?post=1448"},{"taxonomy":"post_tag","embeddable":true,"href":"https:\/\/www.ligavpg.com\/blog\/wp-json\/wp\/v2\/tags?post=1448"}],"curies":[{"name":"wp","href":"https:\/\/api.w.org\/{rel}","templated":true}]}}