{"id":4225,"date":"2012-12-03T19:00:12","date_gmt":"2012-12-03T22:00:12","guid":{"rendered":"http:\/\/www.ligavpg.com\/blog\/?p=4225"},"modified":"2014-02-08T23:39:25","modified_gmt":"2014-02-09T02:39:25","slug":"interlagos-1979-recebe-a-final-da-liga-vpg","status":"publish","type":"post","link":"https:\/\/www.ligavpg.com\/blog\/interlagos-1979-recebe-a-final-da-liga-vpg\/","title":{"rendered":"Interlagos 1979 recebe a final da Liga VPG"},"content":{"rendered":"<table style=\"height: 200px;\" width=\"600\" border=\"0\">\n<tbody>\n<tr>\n<td>\n<h4><span style=\"color: #000000;\"><img fetchpriority=\"high\" decoding=\"async\" class=\"alignnone size-full wp-image-4228\" title=\"T03_2012_Final_Interlagos_1979_Marcas\" src=\"http:\/\/www.ligavpg.com\/blog\/wp-content\/uploads\/T03_2012_Final_Interlagos_1979_Marcas.jpg\" alt=\"\" width=\"600\" height=\"480\" srcset=\"https:\/\/www.ligavpg.com\/blog\/wp-content\/uploads\/T03_2012_Final_Interlagos_1979_Marcas.jpg 600w, https:\/\/www.ligavpg.com\/blog\/wp-content\/uploads\/T03_2012_Final_Interlagos_1979_Marcas-300x240.jpg 300w\" sizes=\"(max-width: 600px) 100vw, 600px\" \/><br \/>\n<\/span><\/h4>\n<h4 style=\"text-align: justify;\"><span style=\"color: #000000;\">Interlagos 1979 encerra temporada na Liga VPG<br \/>\n<\/span><\/h4>\n<p style=\"text-align: justify;\"><span style=\"color: #000000;\">O circo do automobilismo virtual, volta no tempo e desembarca em S\u00e3o Paulo na d\u00e9cada de 70 no antigo circuito de Interlagos, para encerrar a sua terceira temporada de 2012. Na semana passada os carros da categoria <strong>Super Turismo<\/strong>\u00a0fizeram uma grande final e hoje, 03 de dezembro, as emo\u00e7\u00f5es se voltam para a categoria <strong>VPG\u00a0<\/strong><strong style=\"color: #000000;\">Marcas<\/strong>. Acompanhe tudo ao vivo, online, pelo link da <strong style=\"color: #000000;\"><a href=\"http:\/\/www.racebrasil.com.br\" target=\"_blank\"><span style=\"color: #000000;\">Race Brasil<\/span><\/a><\/strong> a partir das <strong style=\"color: #000000;\">22h15min<\/strong>. <\/span><\/p>\n<p style=\"text-align: justify;\"><span style=\"color: #0000ff;\"><strong>Link assistir ao vivo a pr\u00f3xima etapa: <\/strong><\/span><strong><a href=\"http:\/\/www.racebrasil.com.br\/aovivo.php?cod=1\">&lt;&lt;Clique aqui&gt;&gt;<\/a><\/strong><strong> <\/strong><\/p>\n<p><strong style=\"text-align: justify;\">Perfil detalhado do <\/strong><strong style=\"text-align: justify;\">Circuito<\/strong><\/p>\n<p style=\"text-align: justify;\"><span style=\"color: #000000;\">O\u00a0<strong>Aut\u00f3dromo de Interlagos<\/strong>\u00a0(cujo nome oficial \u00e9\u00a0<strong>Aut\u00f3dromo Jos\u00e9 Carlos Pace<\/strong>) \u00e9 um\u00a0aut\u00f3dromo\u00a0localizado no bairro de\u00a0Interlagos\u00a0na\u00a0cidade\u00a0de\u00a0S\u00e3o Paulo,\u00a0Brasil. Foi inaugurado em\u00a012 de maio\u00a0de\u00a01940, pelo interventor Dr.\u00a0Ademar de Barros, e desde\u00a01972\u00a0sedia o\u00a0Grande Pr\u00eamio do Brasil\u00a0de\u00a0F\u00f3rmula 1.<\/span><\/p>\n<p style=\"text-align: justify;\"><span style=\"color: #000000;\">O nome tradicional do circuito vem do fato que ele foi constru\u00eddo em uma regi\u00e3o entre dois lagos artificiais,\u00a0Guarapiranga\u00a0e\u00a0Billings, que foram constru\u00eddos no come\u00e7o do\u00a0s\u00e9culo XX\u00a0para suprir a cidade com \u00e1gua e energia el\u00e9trica. Em meados dos anos 80 foi renomeado para homenagear o piloto de F\u00f3rmula 1\u00a0Jos\u00e9 Carlos Pace, falecido em 1977. Anexo a sua constru\u00e7\u00e3o, h\u00e1 um\u00a0Kart\u00f3dromo, o\u00a0Kart\u00f3dromo Municipal Ayrton Senna.<\/span><\/p>\n<p style=\"text-align: justify;\"><span style=\"color: #000000;\">Em 1979, obras de readapta\u00e7\u00e3o foram feitos e o pit lane foi estendido, tornando o canto mais estreito, eo pit lane terminou bem no meio da Curva 1 e 2. Seu tra\u00e7ado media 7.873 Kil\u00f4metros. Ap\u00f3s a moderniza\u00e7\u00e3o na d\u00e9cada de 80 passou a medir 4.309 Kil\u00f4metros.<\/span><\/p>\n<p style=\"text-align: justify;\"><span style=\"color: #000000;\">Interlagos \u00e9 um dos mais emblem\u00e1ticos aut\u00f3dromos do mundo e o tra\u00e7ado atual de sua pista \u00e9 tida, por muitos pilotos e especialistas, como o melhor do automobilismo.<\/span><\/p>\n<p><img decoding=\"async\" class=\"alignnone size-full wp-image-4229\" title=\"Interlagos_1979_vpg\" src=\"http:\/\/www.ligavpg.com\/blog\/wp-content\/uploads\/Interlagos_1979_vpg.jpg\" alt=\"\" width=\"595\" height=\"510\" srcset=\"https:\/\/www.ligavpg.com\/blog\/wp-content\/uploads\/Interlagos_1979_vpg.jpg 595w, https:\/\/www.ligavpg.com\/blog\/wp-content\/uploads\/Interlagos_1979_vpg-300x257.jpg 300w\" sizes=\"(max-width: 595px) 100vw, 595px\" \/><\/p>\n<p>&nbsp;<\/p>\n<p style=\"text-align: justify;\"><span style=\"color: #000000;\">Participe, tor\u00e7a por nossos amigos e interaja com a transmiss\u00e3o ao vivo, on-line pela <a href=\"http:\/\/www.racebrasil.com.br\" rel=\"nofollow\" target=\"_blank\"><span style=\"color: #000000;\">Race Brasil<\/span><\/a>, mandando mensagens ou participando do Chat na arquibancada virtual. A transmiss\u00e3o \u00e9 livre e gratuita para todos os internautas.<\/span><\/p>\n<p style=\"text-align: justify;\"><span style=\"color: #000000;\"><strong>Informa\u00e7\u00f5es e Inscri\u00e7\u00f5es:<\/strong><\/span><\/p>\n<p><span style=\"color: #000000;\">Liga VPG \u2013 <a href=\"http:\/\/wwwligavpg.com\"><span style=\"color: #000000;\">www.ligavpg.com<\/span><\/a><\/span><br \/>\n<span style=\"color: #000000;\"> Twitter VPG: <a href=\"http:\/\/twitter.com\/LigaVPG\" target=\"_blank\"><span style=\"color: #000000;\">http:\/\/twitter.com\/LigaVPG<br \/>\n<\/span><\/a>Facebook VPG: <a href=\"http:\/\/facebook.com\/LigaVPG \"><span style=\"color: #000000;\">http:\/\/facebook.com\/LigaVPG<\/span><\/a><\/span><\/p>\n<p><span style=\"color: #000000;\"><strong>Patroc\u00ednio:<\/strong><\/span><br \/>\n<span style=\"color: #000000;\"> &#8211; UCI Cinemas &#8211; <a href=\"http:\/\/www.ucicinemas.com.br\/\" target=\"_blank\"><span style=\"color: #000000;\">www.ucicinemas.com.br<\/span><\/a><\/span><br \/>\n<span style=\"color: #000000;\"> &#8211; Dover-Roll &#8211; <a href=\"http:\/\/www.dover-roll.com.br\/\" target=\"_blank\"><span style=\"color: #000000;\">www.dover-roll.com.br<\/span><\/a><strong><br \/>\n<\/strong>&#8211; Infolink &#8211; <a href=\"http:\/\/www.infolink.com.br\/\"><span style=\"color: #000000;\">www.infolink.com.br<\/span><\/a><\/span><\/p>\n<p><span style=\"color: #000000;\"><strong>Apoio:<\/strong><\/span><\/p>\n<p><span style=\"color: #000000;\">&#8211; Blog Carros e Corridas: <a href=\"http:\/\/www.carrosecorridas.com.br\/\" target=\"_blank\"><span style=\"color: #000000;\">www.carrosecorridas.com.br<br \/>\n<\/span><\/a>&#8211; Race Brasil Transmiss\u00f5es On-line: <a title=\"O que \u00e9 Automobilismo Virtual (AV)?\" href=\"http:\/\/www.racebrasil.com.br\"><span style=\"color: #000000;\">www.racebrasil.com.br<\/span><\/a><\/span><br \/>\n<span style=\"color: #000000;\"> &#8211; Federa\u00e7\u00e3o Cearense de Automobilismo Virtual(FCAV):<\/span> <cite><a href=\"http:\/\/www.fcav.com.br\">www.<strong>fcav<\/strong><\/a><\/cite><cite><a href=\"http:\/\/www.fcav.com.br\">.com.br<\/a><\/cite><span style=\"color: #000000;\"><span style=\"color: #000000;\"><cite><a href=\"http:\/\/www.fcav.com.br\"><br \/>\n<\/a><\/cite><\/span><\/span><span style=\"color: #000000;\">&#8211; Blog Not\u00edcias do AV: <a href=\"http:\/\/www.noticiasdoav.com\/\"><span style=\"color: #000000;\">www.noticiasdoav.com<\/span><\/a><\/span><br \/>\n<span style=\"color: #000000;\"> &#8211; Blog AV 4 Rodas: <a href=\"http:\/\/av4rodas.com.br\"><span style=\"color: #000000;\">http:\/\/av4rodas.com.br<\/span><\/a><\/span><\/p>\n<p><img decoding=\"async\" class=\"alignnone size-full wp-image-3596\" title=\"Rodape_dois_VPG\" src=\"http:\/\/www.ligavpg.com\/blog\/wp-content\/uploads\/Rodape_dois_VPG.jpg\" alt=\"\" width=\"600\" height=\"52\" srcset=\"https:\/\/www.ligavpg.com\/blog\/wp-content\/uploads\/Rodape_dois_VPG.jpg 600w, https:\/\/www.ligavpg.com\/blog\/wp-content\/uploads\/Rodape_dois_VPG-300x26.jpg 300w\" sizes=\"(max-width: 600px) 100vw, 600px\" \/><\/td>\n<\/tr>\n<\/tbody>\n<\/table>\n<p>&nbsp;<\/p>\n","protected":false},"excerpt":{"rendered":"<p>Interlagos 1979 encerra temporada na Liga VPG O circo do automobilismo virtual, volta no tempo e desembarca em S\u00e3o Paulo na d\u00e9cada de 70 no antigo circuito de Interlagos, para encerrar a sua terceira temporada de 2012. Na semana passada os carros da categoria Super Turismo\u00a0fizeram uma grande final e hoje, 03 de dezembro, as [&hellip;]<\/p>\n","protected":false},"author":7,"featured_media":0,"comment_status":"open","ping_status":"open","sticky":false,"template":"","format":"standard","meta":{"_monsterinsights_skip_tracking":false,"_monsterinsights_sitenote_active":false,"_monsterinsights_sitenote_note":"","_monsterinsights_sitenote_category":0,"footnotes":""},"categories":[20],"tags":[],"class_list":["post-4225","post","type-post","status-publish","format-standard","hentry","category-vpg-2012"],"_links":{"self":[{"href":"https:\/\/www.ligavpg.com\/blog\/wp-json\/wp\/v2\/posts\/4225","targetHints":{"allow":["GET"]}}],"collection":[{"href":"https:\/\/www.ligavpg.com\/blog\/wp-json\/wp\/v2\/posts"}],"about":[{"href":"https:\/\/www.ligavpg.com\/blog\/wp-json\/wp\/v2\/types\/post"}],"author":[{"embeddable":true,"href":"https:\/\/www.ligavpg.com\/blog\/wp-json\/wp\/v2\/users\/7"}],"replies":[{"embeddable":true,"href":"https:\/\/www.ligavpg.com\/blog\/wp-json\/wp\/v2\/comments?post=4225"}],"version-history":[{"count":8,"href":"https:\/\/www.ligavpg.com\/blog\/wp-json\/wp\/v2\/posts\/4225\/revisions"}],"predecessor-version":[{"id":6466,"href":"https:\/\/www.ligavpg.com\/blog\/wp-json\/wp\/v2\/posts\/4225\/revisions\/6466"}],"wp:attachment":[{"href":"https:\/\/www.ligavpg.com\/blog\/wp-json\/wp\/v2\/media?parent=4225"}],"wp:term":[{"taxonomy":"category","embeddable":true,"href":"https:\/\/www.ligavpg.com\/blog\/wp-json\/wp\/v2\/categories?post=4225"},{"taxonomy":"post_tag","embeddable":true,"href":"https:\/\/www.ligavpg.com\/blog\/wp-json\/wp\/v2\/tags?post=4225"}],"curies":[{"name":"wp","href":"https:\/\/api.w.org\/{rel}","templated":true}]}}