{"id":9692,"date":"2014-11-03T19:58:11","date_gmt":"2014-11-03T22:58:11","guid":{"rendered":"http:\/\/www.ligavpg.com\/blog\/?p=9692"},"modified":"2014-11-03T20:24:58","modified_gmt":"2014-11-03T23:24:58","slug":"vpg-pro-campeonato-esquenta-na-reta-final-curitiba-03","status":"publish","type":"post","link":"https:\/\/www.ligavpg.com\/blog\/vpg-pro-campeonato-esquenta-na-reta-final-curitiba-03\/","title":{"rendered":"VPG PRO | Campeonato esquenta na reta final em Curitiba (03)"},"content":{"rendered":"<p><img fetchpriority=\"high\" decoding=\"async\" class=\"alignnone wp-image-9693 size-full\" src=\"http:\/\/www.ligavpg.com\/blog\/wp-content\/uploads\/T3-2014-Curitiba-PRO-800.jpg\" alt=\"VPG PRO - Curitiba - DTM\" width=\"800\" height=\"443\" srcset=\"https:\/\/www.ligavpg.com\/blog\/wp-content\/uploads\/T3-2014-Curitiba-PRO-800.jpg 800w, https:\/\/www.ligavpg.com\/blog\/wp-content\/uploads\/T3-2014-Curitiba-PRO-800-300x166.jpg 300w, https:\/\/www.ligavpg.com\/blog\/wp-content\/uploads\/T3-2014-Curitiba-PRO-800-600x332.jpg 600w\" sizes=\"(max-width: 800px) 100vw, 800px\" \/><\/p>\n<h5 style=\"text-align: justify;\"><span style=\"color: #0000ff; font-family: 'trebuchet ms', geneva; font-size: 12pt;\">T3-2014 | 5\u00aa etapa da Categoria VPG PRO DTM, ser\u00e1 nesta segunda, 03\/11 em Cutitiba.<\/span><\/h5>\n<p style=\"text-align: justify;\">O campeonato pegou fogo de vez ap\u00f3s a \u00faltima etapa, em Laguna Seca, onde tivemos a vit\u00f3ria de Brunno Santos, da equipe JEG Team, e um mal resultado do l\u00edder da competi\u00e7\u00e3o,\u00a0<strong>Marcos\u00a0Riffel, da equipe\u00a0Hornet\/0KM Racing,<\/strong>\u00a0que completou apenas na 9\u00aa posi\u00e7\u00e3o. Com o resultado, Brunno encurtou a diferen\u00e7a para apenas 7 pontos, jogando gasolina e incendiando a competi\u00e7\u00e3o. A etapa de hoje, 03 de novembro de 2014, \u00a0ser\u00e1 no r\u00e1pido e consagrado circuito de Curitiba. Fa\u00e7a sua aposta e assista a corrida atrav\u00e9s da transmiss\u00e3o ao vivo, logo mais a partir das 22h20min, no\u00a0<a title=\"Transmiss\u00e3o ao vivo\" href=\"http:\/\/www.portalxtreme.com.br\/\" target=\"_blank\">Portal Extreme TV<\/a> com narra\u00e7\u00f5es de Ulisses Oliveira, Bruno Mali e coment\u00e1rios de Fernando Alvarenga e Diego Peres.\u00a0Mais<strong>\u00a0<a href=\"http:\/\/www.ligavpg.com\/forum_vpg\/index.php\/board,433.0.html\" target=\"_blank\">Informa\u00e7\u00f5es<\/a><\/strong>\u00a0 no nosso f\u00f3rum.<\/p>\n<p style=\"text-align: justify;\"><span style=\"font-family: 'trebuchet ms', geneva; font-size: 12pt;\"><strong>Informa\u00e7\u00f5es do Circuito<\/strong><\/span><\/p>\n<p style=\"text-align: justify;\"><b>O Aut\u00f3dromo Internacional de Curitiba<\/b>\u00a0est\u00e1 localizado na\u00a0Regi\u00e3o Metropolitana de Curitiba, no munic\u00edpio de\u00a0Pinhais.\u00a0Trata-se do circuito brasileiro mais moderno com melhor estrutura depois de Interlagos. Em sua configura\u00e7\u00e3o atual, o aut\u00f3dromo atende aos padr\u00f5es da\u00a0Federa\u00e7\u00e3o Internacional de Automobilismo\u00a0(FIA) e est\u00e1 homologado pela\u00a0Confedera\u00e7\u00e3o Brasileira de Automobilismo\u00a0(CBA), podendo sediar competi\u00e7\u00f5es de v\u00e1rias categorias de automobilismo mundial, inclusive as populares provas de \u201carrancada\u201d. Devido a infra-estrutura e seguran\u00e7a, \u00e9 classificado como um dos melhores aut\u00f3dromos do mundo.<\/p>\n<ul>\n<li>Toda extens\u00e3o da pista tem largura de 15 metros.<\/li>\n<li>Desn\u00edvel m\u00e1ximo de 4 metros.<\/li>\n<\/ul>\n<dl>\n<dt><strong>Circuito semi-oval<\/strong><\/dt>\n<\/dl>\n<ul>\n<li>Circuito oval com 2.550 metros de extens\u00e3o.<\/li>\n<\/ul>\n<dl>\n<dt><strong>Circuito misto<\/strong><\/dt>\n<\/dl>\n<ul>\n<li>Sete curvas \u00e0 direita e quatro \u00e0 esquerda.<\/li>\n<li>Grande reta com 980 metros.<\/li>\n<li>Extens\u00e3o total de 3.695 metros.<\/li>\n<\/ul>\n<p><span style=\"font-family: 'trebuchet ms', geneva; font-size: 10pt;\">\u00a0<\/span><img decoding=\"async\" class=\"alignnone wp-image-9697 size-full\" src=\"http:\/\/www.ligavpg.com\/blog\/wp-content\/uploads\/T3-2014-Mapa-Curitiba.jpg\" alt=\"T3-2014-Mapa-Curitiba\" width=\"500\" height=\"477\" srcset=\"https:\/\/www.ligavpg.com\/blog\/wp-content\/uploads\/T3-2014-Mapa-Curitiba.jpg 500w, https:\/\/www.ligavpg.com\/blog\/wp-content\/uploads\/T3-2014-Mapa-Curitiba-300x286.jpg 300w\" sizes=\"(max-width: 500px) 100vw, 500px\" \/><\/p>\n<p>&nbsp;<\/p>\n<p><span style=\"font-size: 12pt;\"><strong>Uma volta <em>on-board<\/em> no circuito de Laguna Seca<\/strong><\/span><\/p>\n<p><iframe title=\"Daniel Serra Onboard Curitiba Ferrari 430 GT3\" width=\"600\" height=\"338\" src=\"https:\/\/www.youtube.com\/embed\/vtxS574NDBQ?feature=oembed\" frameborder=\"0\" allow=\"accelerometer; autoplay; clipboard-write; encrypted-media; gyroscope; picture-in-picture; web-share\" referrerpolicy=\"strict-origin-when-cross-origin\" allowfullscreen><\/iframe><\/p>\n<p style=\"text-align: center;\">\u00a0<span style=\"font-family: 'trebuchet ms', geneva; font-size: 10pt;\"><strong>Acompanhe a\u00a0<a title=\"Liga VPG\" href=\"http:\/\/www.ligavpg.com\" target=\"_blank\">Liga VPG<\/a>\u00a0nas principais Redes Sociais:\u00a0<a title=\"Twitter da Liga VPG\" href=\"http:\/\/www.twitter.com\/LigaVPG\" target=\"_blank\">Twitter<\/a>,\u00a0<a title=\"Google+ LigaVPG\" href=\"https:\/\/plus.google.com\/+Ligavpg\" target=\"_blank\">Google+<\/a>\u00a0e\u00a0<a title=\"Fanpage da Liga VPG\" href=\"http:\/\/www.facebook.com\/LigaVPG\">Facebook<\/a>.<\/strong><\/span><\/p>\n","protected":false},"excerpt":{"rendered":"<p>T3-2014 | 5\u00aa etapa da Categoria VPG PRO DTM, ser\u00e1 nesta segunda, 03\/11 em Cutitiba. O campeonato pegou fogo de vez ap\u00f3s a \u00faltima etapa, em Laguna Seca, onde tivemos a vit\u00f3ria de Brunno Santos, da equipe JEG Team, e um mal resultado do l\u00edder da competi\u00e7\u00e3o,\u00a0Marcos\u00a0Riffel, da equipe\u00a0Hornet\/0KM Racing,\u00a0que completou apenas na 9\u00aa posi\u00e7\u00e3o. [&hellip;]<\/p>\n","protected":false},"author":7,"featured_media":9699,"comment_status":"open","ping_status":"open","sticky":false,"template":"","format":"standard","meta":{"_monsterinsights_skip_tracking":false,"footnotes":""},"categories":[150,31],"tags":[37,38,140,166,82,44,23],"class_list":["post-9692","post","type-post","status-publish","format-standard","has-post-thumbnail","hentry","category-vpg-2014","category-vpg-pro","tag-automobilismo-virtual","tag-corridas-virtuais","tag-curitiba","tag-dtm","tag-parana","tag-pilotos-virtuais","tag-rfactor"],"_links":{"self":[{"href":"https:\/\/www.ligavpg.com\/blog\/wp-json\/wp\/v2\/posts\/9692","targetHints":{"allow":["GET"]}}],"collection":[{"href":"https:\/\/www.ligavpg.com\/blog\/wp-json\/wp\/v2\/posts"}],"about":[{"href":"https:\/\/www.ligavpg.com\/blog\/wp-json\/wp\/v2\/types\/post"}],"author":[{"embeddable":true,"href":"https:\/\/www.ligavpg.com\/blog\/wp-json\/wp\/v2\/users\/7"}],"replies":[{"embeddable":true,"href":"https:\/\/www.ligavpg.com\/blog\/wp-json\/wp\/v2\/comments?post=9692"}],"version-history":[{"count":5,"href":"https:\/\/www.ligavpg.com\/blog\/wp-json\/wp\/v2\/posts\/9692\/revisions"}],"predecessor-version":[{"id":9706,"href":"https:\/\/www.ligavpg.com\/blog\/wp-json\/wp\/v2\/posts\/9692\/revisions\/9706"}],"wp:featuredmedia":[{"embeddable":true,"href":"https:\/\/www.ligavpg.com\/blog\/wp-json\/wp\/v2\/media\/9699"}],"wp:attachment":[{"href":"https:\/\/www.ligavpg.com\/blog\/wp-json\/wp\/v2\/media?parent=9692"}],"wp:term":[{"taxonomy":"category","embeddable":true,"href":"https:\/\/www.ligavpg.com\/blog\/wp-json\/wp\/v2\/categories?post=9692"},{"taxonomy":"post_tag","embeddable":true,"href":"https:\/\/www.ligavpg.com\/blog\/wp-json\/wp\/v2\/tags?post=9692"}],"curies":[{"name":"wp","href":"https:\/\/api.w.org\/{rel}","templated":true}]}}